{"id":6019,"date":"2026-09-02T12:55:31","date_gmt":"2026-09-02T12:55:31","guid":{"rendered":"https:\/\/sioch.cl\/sitio\/?p=6019"},"modified":"2026-09-02T13:22:05","modified_gmt":"2026-09-02T13:22:05","slug":"curso-regeneracion-osea","status":"publish","type":"post","link":"https:\/\/sioch.cl\/sitio\/2026\/09\/02\/curso-regeneracion-osea\/","title":{"rendered":"Curso Regeneraci\u00f3n \u00d3sea"},"content":{"rendered":"<p>[vc_row css=\u00bb.vc_custom_1560774911222{padding-bottom: 40px !important;}\u00bb][vc_column][vc_column_text]La <b><span style=\"color: #e1474d;\"><strong>Sociedad de Implantolog\u00eda Oral y Buco M\u00e1xilo Facial de Chile<\/strong>&nbsp; <\/span><\/b>invita a participar del <strong>Curso te\u00f3rico\/pr\u00e1ctico: Regeneraci\u00f3n \u00d3sea, <\/strong>actividad que se realizar\u00e1 el <strong>viernes 23 octubre<\/strong> (14:00 &#8211; 18:00)<strong>.&nbsp;<\/strong><\/p>\n<p>El curso, estar\u00e1 encabezado por el destacado especialista,&nbsp; <span style=\"color: #e1474d;\"><strong>Dr. Daniel Far\u00edas Miranda <\/strong><span style=\"color: #333333;\">y se realizar\u00e1 en el <strong>Auditorio V\u00eda Ossea<\/strong> (Luis Thayer Ojeda 0130, Providencia)<\/span><\/span>[\/vc_column_text][vc_empty_space]<style type=\"text\/css\" data-type=\"the7_shortcodes-inline-css\">#default-btn-cea60f3c25fd955e7241d565b14b643c.ico-right-side > i {\n  margin-right: 0px;\n  margin-left: 8px;\n}\n#default-btn-cea60f3c25fd955e7241d565b14b643c > i {\n  margin-right: 8px;\n}\n#default-btn-cea60f3c25fd955e7241d565b14b643c * {\n  vertical-align: middle;\n}\n<\/style><a href=\"https:\/\/forms.gle\/bkPmnY4h8GSUE9jE8\" class=\"default-btn-shortcode dt-btn dt-btn-m link-hover-off btn-inline-left \" target=\"_blank\" id=\"default-btn-cea60f3c25fd955e7241d565b14b643c\" rel=\"noopener\"><span>Reg\u00edstrate AQU\u00cd<\/span><\/a>[vc_empty_space]<style type=\"text\/css\" data-type=\"the7_shortcodes-inline-css\">.shortcode-single-image-wrap.shortcode-single-image-eaffbbf7d99ba315e72d6adea1e7d944.enable-bg-rollover .rollover i,\n.shortcode-single-image-wrap.shortcode-single-image-eaffbbf7d99ba315e72d6adea1e7d944.enable-bg-rollover .rollover-video i {\n  background: ;\n  background: -webkit-linear-gradient();\n  background: linear-gradient();\n}\n.shortcode-single-image-wrap.shortcode-single-image-eaffbbf7d99ba315e72d6adea1e7d944 .rollover-icon {\n  font-size: 32px;\n  color: #ffffff;\n  min-width: 44px;\n  min-height: 44px;\n  line-height: 44px;\n  border-radius: 100px;\n  border-style: solid;\n  border-width: 0px;\n}\n.dt-icon-bg-on.shortcode-single-image-wrap.shortcode-single-image-eaffbbf7d99ba315e72d6adea1e7d944 .rollover-icon {\n  background: rgba(255,255,255,0.3);\n  box-shadow: none;\n}\n<\/style><div class=\"shortcode-single-image-wrap shortcode-single-image-eaffbbf7d99ba315e72d6adea1e7d944 alignnone  enable-bg-rollover dt-icon-bg-off\" style=\"margin-top:0px; margin-bottom:0px; margin-left:0px; margin-right:0px;\" data-pretty-share=\"facebook,whatsapp,linkedin,twitter,pinterest\"><div class=\"shortcode-single-image\"><div class=\"fancy-media-wrap\" style=\"\"><a href=\"https:\/\/forms.gle\/bkPmnY4h8GSUE9jE8\" class=\" layzr-bg rollover\" style=\"\" target=\"_blank\" rel=\"noopener\" aria-label=\"Image\"><img class=\"preload-me lazy-load\" src=\"data:image\/svg+xml,%3Csvg%20xmlns%3D&#39;http%3A%2F%2Fwww.w3.org%2F2000%2Fsvg&#39;%20viewBox%3D&#39;0%200%20904%201280&#39;%2F%3E\" data-src=\"https:\/\/sioch.cl\/sitio\/wp-content\/uploads\/2026\/09\/sioch-regeneracion-osea.jpeg\" data-srcset=\"https:\/\/sioch.cl\/sitio\/wp-content\/uploads\/2026\/09\/sioch-regeneracion-osea.jpeg 904w\" width=\"904\" height=\"1280\"  data-dt-location=\"https:\/\/sioch.cl\/sitio\/2026\/09\/02\/curso-regeneracion-osea\/sioch-regeneracion-osea\/\" alt=\"\" \/><\/a><\/div><\/div><\/div>[vc_empty_space][vc_column_text]<strong>Curso: Oseodensificaci\u00f3n<\/strong><\/p>\n<p>\u2022 Fecha: <strong>viernes 23 octubre<\/strong>&nbsp;(14:00 &#8211; 18:00)<br \/>\n\u2022 Docente: <strong><span style=\"color: #e1474d;\">Dr. Daniel Farias Miranda<br \/>\n<\/span><\/strong><strong>\u2022 <\/strong>Lugar:<strong> Auditorio V\u00eda Ossea <\/strong>(Luis Thayer Ojeda 0130, Providencia)[\/vc_column_text][vc_empty_space][vc_empty_space][vc_separator][vc_separator][vc_separator][vc_separator][vc_separator][vc_separator][vc_separator][vc_separator][vc_separator][vc_separator][vc_separator][vc_separator][vc_separator][vc_separator][vc_empty_space][vc_column_text]<strong><b>Valores:&nbsp;<\/b><br \/>\n<\/strong>$50.000 -&gt; Socios \/ FIIO<br \/>\n$100.000 -&gt; No Socios<br \/>\n<strong><br \/>\nAsegure su Inscripci\u00f3n, mediante pago Online:<br \/>\n<\/strong><a href=\"https:\/\/sioch.cl\/sitio\/pagos-online\/\"><strong>https:\/\/sioch.cl\/sitio\/pagos-online\/<\/strong><\/a><\/p>\n<p><strong>Pagos v\u00eda Transferencia:&nbsp;<\/strong><br \/>\nSociedad de Implantolog\u00eda Oral de Chile<br \/>\nRut. 73.072.400-4<br \/>\ncta. cte. 007-2772400-1<br \/>\nBanco Edwards Citi &#8211; Banco Chile<\/p>\n<p>(enviar comprobante a&nbsp;<a href=\"mailto:infosioch@gmail.com\">infosioch@gmail.com<\/a>)<\/p>\n<p>&nbsp;<\/p>\n<hr>\n<p>[\/vc_column_text][vc_empty_space]<style type=\"text\/css\" data-type=\"the7_shortcodes-inline-css\">.shortcode-single-image-wrap.shortcode-single-image-bdf282b22572f7f4c26d5790df725197.enable-bg-rollover .rollover i,\n.shortcode-single-image-wrap.shortcode-single-image-bdf282b22572f7f4c26d5790df725197.enable-bg-rollover .rollover-video i {\n  background: ;\n  background: -webkit-linear-gradient();\n  background: linear-gradient();\n}\n.shortcode-single-image-wrap.shortcode-single-image-bdf282b22572f7f4c26d5790df725197 .rollover-icon {\n  font-size: 32px;\n  color: #ffffff;\n  min-width: 44px;\n  min-height: 44px;\n  line-height: 44px;\n  border-radius: 100px;\n  border-style: solid;\n  border-width: 0px;\n}\n.dt-icon-bg-on.shortcode-single-image-wrap.shortcode-single-image-bdf282b22572f7f4c26d5790df725197 .rollover-icon {\n  background: rgba(255,255,255,0.3);\n  box-shadow: none;\n}\n<\/style><div class=\"shortcode-single-image-wrap shortcode-single-image-bdf282b22572f7f4c26d5790df725197 alignnone  enable-bg-rollover dt-icon-bg-off\" style=\"margin-top:0px; margin-bottom:0px; margin-left:0px; margin-right:0px;\" data-pretty-share=\"facebook,whatsapp,linkedin,twitter,pinterest\"><div class=\"shortcode-single-image\"><div class=\"fancy-media-wrap\" style=\"\"><a href=\"https:\/\/sioch.cl\/sitio\/pagos-online\/\" class=\" layzr-bg rollover\" style=\"\" target=\"_blank\" rel=\"noopener\" aria-label=\"Image\"><img class=\"preload-me lazy-load\" src=\"data:image\/svg+xml,%3Csvg%20xmlns%3D&#39;http%3A%2F%2Fwww.w3.org%2F2000%2Fsvg&#39;%20viewBox%3D&#39;0%200%20299%20168&#39;%2F%3E\" data-src=\"https:\/\/sioch.cl\/sitio\/wp-content\/uploads\/2025\/11\/pagar-con-webpay.jpeg\" data-srcset=\"https:\/\/sioch.cl\/sitio\/wp-content\/uploads\/2025\/11\/pagar-con-webpay.jpeg 299w\" width=\"299\" height=\"168\"  data-dt-location=\"https:\/\/sioch.cl\/sitio\/2025\/11\/05\/curso-de-operador-de-equipos-laser-para-cirujano-dentistas\/pagar-con-webpay\/\" alt=\"\" \/><\/a><\/div><\/div><\/div>[vc_empty_space][vc_column_text]<\/p>\n<p style=\"text-align: center;\">Si usted requiere m\u00e1s informaci\u00f3n, le agradecemos contactar a <span style=\"color: #e1474d;\"><strong><a style=\"color: #e1474d;\" href=\"mailto:infosioch@gmail.com\" target=\"_blank\" rel=\"noopener noreferrer\">infosioch@gmail.com<\/a><\/strong><\/span><\/p>\n<p>[\/vc_column_text][vc_empty_space][\/vc_column][\/vc_row]<\/p>\n","protected":false},"excerpt":{"rendered":"<p>La Sociedad de Implantolog\u00eda Oral y Buco M\u00e1xilo Facial de Chile\u00a0 invita a participar del Curso te\u00f3rico\/pr\u00e1ctico: Regeneraci\u00f3n \u00d3sea, actividad que se realizar\u00e1 el viernes 23 octubre (14:00 &#8211; 18:00).\u00a0<\/p>\n<p>El curso, estar\u00e1 encabezado por el destacado especialista,\u00a0 Dr. Daniel Far\u00edas Miranda y se realizar\u00e1 en el Auditorio V\u00eda Ossea (Luis Thayer Ojeda 0130, Providencia)<\/p>\n","protected":false},"author":1,"featured_media":6021,"comment_status":"closed","ping_status":"closed","sticky":false,"template":"","format":"standard","meta":[],"categories":[33,41],"tags":[46],"_links":{"self":[{"href":"https:\/\/sioch.cl\/sitio\/wp-json\/wp\/v2\/posts\/6019"}],"collection":[{"href":"https:\/\/sioch.cl\/sitio\/wp-json\/wp\/v2\/posts"}],"about":[{"href":"https:\/\/sioch.cl\/sitio\/wp-json\/wp\/v2\/types\/post"}],"author":[{"embeddable":true,"href":"https:\/\/sioch.cl\/sitio\/wp-json\/wp\/v2\/users\/1"}],"replies":[{"embeddable":true,"href":"https:\/\/sioch.cl\/sitio\/wp-json\/wp\/v2\/comments?post=6019"}],"version-history":[{"count":5,"href":"https:\/\/sioch.cl\/sitio\/wp-json\/wp\/v2\/posts\/6019\/revisions"}],"predecessor-version":[{"id":6033,"href":"https:\/\/sioch.cl\/sitio\/wp-json\/wp\/v2\/posts\/6019\/revisions\/6033"}],"wp:featuredmedia":[{"embeddable":true,"href":"https:\/\/sioch.cl\/sitio\/wp-json\/wp\/v2\/media\/6021"}],"wp:attachment":[{"href":"https:\/\/sioch.cl\/sitio\/wp-json\/wp\/v2\/media?parent=6019"}],"wp:term":[{"taxonomy":"category","embeddable":true,"href":"https:\/\/sioch.cl\/sitio\/wp-json\/wp\/v2\/categories?post=6019"},{"taxonomy":"post_tag","embeddable":true,"href":"https:\/\/sioch.cl\/sitio\/wp-json\/wp\/v2\/tags?post=6019"}],"curies":[{"name":"wp","href":"https:\/\/api.w.org\/{rel}","templated":true}]}}